{"id":116,"date":"2025-05-17T13:17:21","date_gmt":"2025-05-17T13:17:21","guid":{"rendered":"https:\/\/aktionszeitung.de\/?p=116"},"modified":"2025-05-17T13:17:21","modified_gmt":"2025-05-17T13:17:21","slug":"rede-von-thorsten-donnermeier","status":"publish","type":"post","link":"https:\/\/aktionszeitung.de\/index.php\/2025\/05\/17\/rede-von-thorsten-donnermeier\/","title":{"rendered":"Rede von Thorsten Donnermeier"},"content":{"rendered":"\n<h2 class=\"wp-block-heading\">auf der Aktionsversammlung von Volkswagen am 16.Mai 2025<\/h2>\n\n\n\n<p>Leiharbeiter und befristet Besch\u00e4ftigte werden bei VW weggeputzt wie tote Fliegen von der Fensterscheibe. 35000 Stellen sollen abgebaut werden mit schlimmen Folgen f\u00fcr die Regionen und Menschen. Wir alle wissen aus der Nachwendezeit, was De-Industrielisierung bedeutet. Da wachsen B\u00e4ume aus den H\u00e4usern. Not und Elend wird verbreitet, um gew\u00fcnschte Kapitalrendite bei VW zu erreichen.<\/p>\n\n\n\n<p>Mit Entsetzen nehmen wir wahr, was mit den Reicht\u00fcmern, die wir hart erarbeitet haben, gemacht wird. Einen unsinnigen Tunnel m\u00f6chte Herr Porsche bauen. Wieviele Leiharbeiter und Befristete k\u00f6nnten mit diesem Geld weiter besch\u00e4ftigt werden?<\/p>\n\n\n\n<p>Mehr als deutlich machen die aktuellen Geschehnisse, dass uns die aktuellen Formen des privaten Eigentums schaden.<\/p>\n\n\n\n<p>Der neueste Hit: Umstellung der Produktion auf Kriegsg\u00fcter. Immer mehr Besch\u00e4ftigte stellen sich die Frage: Sollen wir bald Tod bringende Waffen bauen, die auf unsere Kolleg:innen im ehemaligen VW-Werk in Kaluka gerichtet werden? Oder vielleicht auf unsere chinesischen Kolleg:innen gerichtet werden? Also auf unsere eigenen Leute?<\/p>\n\n\n\n<p>Allen Aktion\u00e4ren sollte an diesen beiden negativen Beispielen deutlich werden, dass Privateigentum an Produktionsmitteln keine Zukunft haben kann.<\/p>\n\n\n\n<p>1918 in der Novemberrevolution und nach den Kriegsverbrechen im Zweiten Weltkrieg wurden&nbsp; Gemeineigentum und Vergesellschaftung von Produktionsmitteln als richtige Erkenntnis im \u00a715 Grundgesetz und in der IGM-Satzung \u00a72 festgeschrieben. Auch jetzt werden diese Forderungen von der Koimagerechtigkeitsbewegung, der Friedensbewegung und Besch\u00e4ftigten wieder aufgenommen.<\/p>\n\n\n\n<p>VW entstand durch Blut und Tr\u00e4nen von Zwangsarbeitern, es darf niemandem geh\u00f6ren. Oder uns allen.<\/p>\n\n\n\n<p>Unsere eigene Volkswagengeschichte l\u00e4\u00dft keinen anderen Schluss zu: Nur noch Produkte, die allen dienen und keinem schaden, sollen bei VW produziert werden. Kriegsmaterial geh\u00f6rt nicht dazu. Stra\u00dfenbahnen und andere \u00d6PNV-Produkte machen Sinn f\u00fcr eine gute Zukunft. Jede Vernunft spricht daf\u00fcr, die Kapitalinteressen sprechen dagegen.<\/p>\n\n\n\n<p>Um eine gute Zukunft f\u00fcr uns alle zu haben, wird es unabdingbar sein, VW zu vergesellschaften.<\/p>\n\n\n\n<p>Wir entscheiden selbst, was und unter welchen Arbeitsbedingungen produziert wird.<\/p>\n\n\n\n<p>Unser Leben ist wichtiger als Profite f\u00fcr wenige \u2013 wie z.B. Katar und die Eigent\u00fcmerfamilien.<\/p>\n\n\n\n<p><em>Thorsten Donnermeier ist seit 40 Jahren bei VW besch\u00e4ftigt.<\/em><\/p>\n","protected":false},"excerpt":{"rendered":"<p>auf der Aktionsversammlung von Volkswagen am 16.Mai 2025 Leiharbeiter und befristet Besch\u00e4ftigte werden bei VW weggeputzt wie tote Fliegen von der Fensterscheibe. 35000 Stellen sollen abgebaut werden mit schlimmen Folgen &#8230; <a title=\"Rede von Thorsten Donnermeier\" class=\"read-more\" href=\"https:\/\/aktionszeitung.de\/index.php\/2025\/05\/17\/rede-von-thorsten-donnermeier\/\" aria-label=\"Mehr Informationen \u00fcber Rede von Thorsten Donnermeier\">Weiterlesen<\/a><\/p>\n","protected":false},"author":2,"featured_media":0,"comment_status":"open","ping_status":"open","sticky":false,"template":"","format":"standard","meta":{"slim_seo":{"title":"Rede von Thorsten Donnermeier - Aktionszeitung","description":"auf der Aktionsversammlung von Volkswagen am 16.Mai 2025 Leiharbeiter und befristet Besch\u00e4ftigte werden bei VW weggeputzt wie tote Fliegen von der Fensterscheib"},"footnotes":""},"categories":[1],"tags":[],"class_list":["post-116","post","type-post","status-publish","format-standard","hentry","category-uncategorized"],"_links":{"self":[{"href":"https:\/\/aktionszeitung.de\/index.php\/wp-json\/wp\/v2\/posts\/116","targetHints":{"allow":["GET"]}}],"collection":[{"href":"https:\/\/aktionszeitung.de\/index.php\/wp-json\/wp\/v2\/posts"}],"about":[{"href":"https:\/\/aktionszeitung.de\/index.php\/wp-json\/wp\/v2\/types\/post"}],"author":[{"embeddable":true,"href":"https:\/\/aktionszeitung.de\/index.php\/wp-json\/wp\/v2\/users\/2"}],"replies":[{"embeddable":true,"href":"https:\/\/aktionszeitung.de\/index.php\/wp-json\/wp\/v2\/comments?post=116"}],"version-history":[{"count":1,"href":"https:\/\/aktionszeitung.de\/index.php\/wp-json\/wp\/v2\/posts\/116\/revisions"}],"predecessor-version":[{"id":117,"href":"https:\/\/aktionszeitung.de\/index.php\/wp-json\/wp\/v2\/posts\/116\/revisions\/117"}],"wp:attachment":[{"href":"https:\/\/aktionszeitung.de\/index.php\/wp-json\/wp\/v2\/media?parent=116"}],"wp:term":[{"taxonomy":"category","embeddable":true,"href":"https:\/\/aktionszeitung.de\/index.php\/wp-json\/wp\/v2\/categories?post=116"},{"taxonomy":"post_tag","embeddable":true,"href":"https:\/\/aktionszeitung.de\/index.php\/wp-json\/wp\/v2\/tags?post=116"}],"curies":[{"name":"wp","href":"https:\/\/api.w.org\/{rel}","templated":true}]}}