{"id":205,"date":"2025-09-02T15:28:01","date_gmt":"2025-09-02T15:28:01","guid":{"rendered":"https:\/\/aktionszeitung.de\/?p=205"},"modified":"2025-09-02T15:29:21","modified_gmt":"2025-09-02T15:29:21","slug":"pm-von-robin-wood-zur-protestaktion-in-koeln","status":"publish","type":"post","link":"https:\/\/aktionszeitung.de\/index.php\/2025\/09\/02\/pm-von-robin-wood-zur-protestaktion-in-koeln\/","title":{"rendered":"PM von ROBIN WOOD zur Protestaktion in K\u00f6ln"},"content":{"rendered":"\n<blockquote class=\"wp-block-quote is-layout-flow wp-block-quote-is-layout-flow\">\n<p>+ + + ROBIN WOOD-Pressemitteilung vom 02.09.2025 + + +&nbsp;<\/p>\n\n\n\n<p><strong>* Protestaktion in K\u00f6ln: Freie Bahn f\u00fcr \u00f6kologische Transformation \u2013 Jobs nicht auf Krieg aufbauen!<\/strong><\/p>\n\n\n\n<p>[Diese&nbsp;PM online:&nbsp;<a href=\"https:\/\/www.robinwood.de\/pressemitteilungen\/protestaktion-koeln-freie-bahn-fuer-oekologische-transformation-jobs-nicht-auf\" target=\"_blank\" rel=\"noreferrer noopener\">https:\/\/www.robinwood.de\/pressemitteilungen\/protestaktion-koeln-freie-bahn-fuer-oekologische-transformation-jobs-nicht-auf<\/a>]<\/p>\n\n\n\n<p>ROBIN WOOD-Aktivist*innen haben heute Vormittag mit einer spektakul\u00e4ren Kletteraktion an der Hohenzollernbr\u00fccke in K\u00f6ln daf\u00fcr demonstriert, den klimafreundlichen Ausbau des \u00f6ffentlichen Verkehrs nicht zu Lasten der R\u00fcstungsproduktion zu vernachl\u00e4ssigen. Sie seilten sich von der Eisenbahnbr\u00fccke&nbsp;\u00fcber dem Rhein ab und entrollten Banner mit den Forderungen: \u201eFreie Bahn f\u00fcr \u00f6kologische Transformation!\u201c und \u201e\u00d6PNV statt Panzer \u2013 Jobs nicht auf Krieg aufbauen\u201c.&nbsp;<\/p>\n\n\n\n<p>Die R\u00fcstungsindustrie erlebt zurzeit einen wirtschaftlichen Boom. Grund hierf\u00fcr sind stark gestiegene Investitionen in Milit\u00e4r und R\u00fcstung in Deutschland. Zu deren Finanzierung hatte der Bundestag zun\u00e4chst ein 100 Milliarden Euro schweres Sonderverm\u00f6gen und am&nbsp;<a href=\"https:\/\/www.bundestag.de\/dokumente\/textarchiv\/2025\/kw12-de-sondersitzung-1056916\" target=\"_blank\" rel=\"noreferrer noopener\">18. M\u00e4rz 2025<\/a>&nbsp;die Lockerung der Schuldenbremse beschlossen. Au\u00dferdem haben sich die NATO-Staaten im Juni 2025 das Ziel gesteckt, k\u00fcnftig f\u00fcnf Prozent ihres Bruttoinlandsprodukts f\u00fcr Milit\u00e4rausgaben zu verwenden.<\/p>\n\n\n\n<p>In der Folge stellen nun etliche zivile Unternehmen, die bislang Z\u00fcge oder Autos gebaut haben, auf Produktion&nbsp;f\u00fcrs Milit\u00e4r&nbsp;um. So produziert der Motorenbauer Deutz AG mit Sitz in K\u00f6ln nun&nbsp;R\u00fcstungsg\u00fcter statt Z\u00fcge. Das Werk des Schienenfahrzeug-Herstellers Alstom in G\u00f6rlitz wurde vom R\u00fcstungskonzern KNDS \u00fcbernommen. Und der in D\u00fcsseldorf ans\u00e4ssige Rheinmetall-Konzern hat es auf das VW-Werk in Osnabr\u00fcck abgesehen.&nbsp;Dass&nbsp;dahinter&nbsp;auch wirtschaftspolitisches Kalk\u00fcl&nbsp;steckt, zeigen Veranstaltungen wie die heute stattfindende Konferenz mit dem Titel&nbsp;<a href=\"https:\/\/live.handelsblatt.com\/event\/handelsblatt-konferenz-wirtschaftsfaktor-ruestung\/\" target=\"_blank\" rel=\"noreferrer noopener\">\u201eWirtschaftsfaktor R\u00fcstung 2025&nbsp;<\/a><a href=\"https:\/\/live.handelsblatt.com\/event\/handelsblatt-konferenz-wirtschaftsfaktor-ruestung\/\" target=\"_blank\" rel=\"noreferrer noopener\">\u2013&nbsp;<\/a><a href=\"https:\/\/live.handelsblatt.com\/event\/handelsblatt-konferenz-wirtschaftsfaktor-ruestung\/\" target=\"_blank\" rel=\"noreferrer noopener\">Motor f\u00fcr den Industriestandort Deutschland?\u201c<\/a>.&nbsp;Dort&nbsp;planen namhafte Akteur*innen wie Armin Papperger, CEO von Rheinmetall und J\u00fcrgen Kerner, zweiter Vorsitzender der IG Metall, die industriepolitische Zeitenwende.<\/p>\n\n\n\n<p>\u201eDie einseitige Ausrichtung auf R\u00fcstung f\u00fchrt dazu, dass \u00f6ffentliche Daseinsvorsorge, Infrastrukturen und Klimaschutz auf der Strecke bleiben. Konkretes Beispiel: In K\u00f6ln kann die Linie 18 nicht mehr bedient werden, weil den K\u00f6lner Verkehrsbetrieben die entsprechenden Z\u00fcge fehlen. Lieferverz\u00f6gerungen im Schienenverkehr sind inzwischen bundesweit an der Tagesordnung\u201c, sagt ROBIN WOOD-Mobilit\u00e4tsreferentin Annika Fuchs.<\/p>\n\n\n\n<p>\u201eW\u00e4hrend die Aktienkurse von R\u00fcstungskonzernen wie Rheinmetall in die H\u00f6he schnellen, wird vor unseren Augen der Sozialstaat abgebaut und Klimagerechtigkeit r\u00fcckt in weite Ferne. Dabei sind auch Armut sowie Hitzewellen, Waldbr\u00e4nde und Wasserknappheit in Folge der Klimakatastrophe eine existentielle Bedrohung und grausamer Alltag f\u00fcr Millionen Menschen\u201c,&nbsp;erg\u00e4nzt&nbsp;ROBIN WOOD-Aktivistin Marit Schneider. \u201eDeshalb fordern wir starke Investitionen in eine sozial gerechte und \u00f6kologische Mobilit\u00e4tswende und weitere zivile Infrastrukturen, die allen zugute kommen!\u201c<\/p>\n\n\n\n<p>ROBIN WOOD-Aktive sind seit dem 22. August 2025 mit einem Holzflo\u00df f\u00fcr Klimagerechtigkeit auf Tour. Das Flo\u00df ist zurzeit in K\u00f6ln und f\u00e4hrt am Donnerstag \u00fcber Leverkusen bis nach D\u00fcsseldorf. Alle Infos zur Tour:&nbsp;<a href=\"https:\/\/www.robinwood.de\/flosstour-2025\" target=\"_blank\" rel=\"noreferrer noopener\">www.flosstour.de<\/a><strong>Kontakt:<\/strong><\/p>\n\n\n\n<ul class=\"wp-block-list\">\n<li>Annika Fuchs, Fachreferentin Mobilit\u00e4t, Tel. 0151 61813942,\u00a0<a href=\"mailto:tropenwald@robinwood.de\" target=\"_blank\" rel=\"noreferrer noopener\">verkehr@robinwood.de<\/a><\/li>\n\n\n\n<li>Ute Bertrand, Pressesprecherin, Tel. 0171 835 95 15,\u00a0<a href=\"mailto:presse@robinwood.de\" target=\"_blank\" rel=\"noreferrer noopener\">presse@robinwood.de<\/a><\/li>\n<\/ul>\n\n\n\n<p>Bei Interesse an frei verf\u00fcgbaren Fotos der Aktion wenden Sie sich an&nbsp;<a href=\"mailto:presse@robinwood.de\" target=\"_blank\" rel=\"noreferrer noopener\">presse@robinwood.de<\/a>. Herzlichen Dank!<strong>Hintergrund-Informationen:<\/strong><\/p>\n\n\n\n<ul class=\"wp-block-list\">\n<li>ROBIN WOOD-Kampagne \u201e\u00d6ffis statt Panzer\u201c:\u00a0<a href=\"https:\/\/www.robinwood.de\/oeffis-statt-panzer\" target=\"_blank\" rel=\"noreferrer noopener\">https:\/\/www.robinwood.de\/oeffis-statt-panzer<\/a><\/li>\n\n\n\n<li>ROBIN WOOD-Flo\u00dftour 2025\u00a0\u201eLike the sea we rise!\u00a0Volle Fahrt voraus f\u00fcr Klimagerechtigkeit!\u201c:\u00a0<a href=\"https:\/\/www.robinwood.de\/flosstour-2025\" target=\"_blank\" rel=\"noreferrer noopener\">https:\/\/www.robinwood.de\/flosstour-2025<\/a><\/li>\n\n\n\n<li>Weitere Informationen zur Handelsblatt-Konferenz \u201eWirtschaftsfaktor R\u00fcstung 2025\u201c\u00a0in D\u00fcsseldorf am 1.\/2.09.2025:\u00a0<a href=\"https:\/\/live.handelsblatt.com\/event\/handelsblatt-konferenz-wirtschaftsfaktor-ruestung\/\" target=\"_blank\" rel=\"noreferrer noopener\">https:\/\/live.handelsblatt.com\/event\/handelsblatt-konferenz-wirtschaftsfaktor-ruestung\/<\/a><\/li>\n<\/ul>\n\n\n\n<pre class=\"wp-block-preformatted\">-- \nUte Bertrand\nPressesprecherin\nROBIN WOOD e.V. | Bremer Str. 3 | 21073 Hamburg\nTel. 0171 835 95 15 | 040 380 892 22\n<a href=\"mailto:presse@robinwood.de\" target=\"_blank\" rel=\"noreferrer noopener\">presse@robinwood.de<\/a>\n<a href=\"http:\/\/www.robinwood.de\/\" target=\"_blank\" rel=\"noreferrer noopener\">www.robinwood.de<\/a>\n\n<a href=\"https:\/\/www.instagram.com\/robin.wood.e.v\" target=\"_blank\" rel=\"noreferrer noopener\">https:\/\/www.instagram.com\/robin.wood.e.v<\/a>\n<a href=\"https:\/\/mastodon.social\/@robin_wood@bewegung.social\" target=\"_blank\" rel=\"noreferrer noopener\">https:\/\/mastodon.social\/@robin_wood@bewegung.social<\/a>\n<a href=\"https:\/\/bsky.app\/profile\/robinwood.bsky.social\" target=\"_blank\" rel=\"noreferrer noopener\">https:\/\/bsky.app\/profile\/robinwood.bsky.social<\/a>\n<a href=\"https:\/\/www.facebook.com\/robinwood.ev\" target=\"_blank\" rel=\"noreferrer noopener\">https:\/\/www.facebook.com\/robinwood.ev<\/a>\n<\/pre>\n<\/blockquote>\n","protected":false},"excerpt":{"rendered":"","protected":false},"author":1,"featured_media":0,"comment_status":"open","ping_status":"open","sticky":false,"template":"","format":"standard","meta":{"slim_seo":{"title":"PM von ROBIN WOOD zur Protestaktion in K\u00f6ln - Aktionszeitung","description":"+ + + ROBIN WOOD-Pressemitteilung vom 02.09.2025 + + +&nbsp; * Protestaktion in K\u00f6ln: Freie Bahn f\u00fcr \u00f6kologische Transformation \u2013 Jobs nicht auf Krieg aufbauen!"},"footnotes":""},"categories":[1],"tags":[],"class_list":["post-205","post","type-post","status-publish","format-standard","hentry","category-uncategorized"],"_links":{"self":[{"href":"https:\/\/aktionszeitung.de\/index.php\/wp-json\/wp\/v2\/posts\/205","targetHints":{"allow":["GET"]}}],"collection":[{"href":"https:\/\/aktionszeitung.de\/index.php\/wp-json\/wp\/v2\/posts"}],"about":[{"href":"https:\/\/aktionszeitung.de\/index.php\/wp-json\/wp\/v2\/types\/post"}],"author":[{"embeddable":true,"href":"https:\/\/aktionszeitung.de\/index.php\/wp-json\/wp\/v2\/users\/1"}],"replies":[{"embeddable":true,"href":"https:\/\/aktionszeitung.de\/index.php\/wp-json\/wp\/v2\/comments?post=205"}],"version-history":[{"count":1,"href":"https:\/\/aktionszeitung.de\/index.php\/wp-json\/wp\/v2\/posts\/205\/revisions"}],"predecessor-version":[{"id":206,"href":"https:\/\/aktionszeitung.de\/index.php\/wp-json\/wp\/v2\/posts\/205\/revisions\/206"}],"wp:attachment":[{"href":"https:\/\/aktionszeitung.de\/index.php\/wp-json\/wp\/v2\/media?parent=205"}],"wp:term":[{"taxonomy":"category","embeddable":true,"href":"https:\/\/aktionszeitung.de\/index.php\/wp-json\/wp\/v2\/categories?post=205"},{"taxonomy":"post_tag","embeddable":true,"href":"https:\/\/aktionszeitung.de\/index.php\/wp-json\/wp\/v2\/tags?post=205"}],"curies":[{"name":"wp","href":"https:\/\/api.w.org\/{rel}","templated":true}]}}