{"id":216,"date":"2025-09-28T08:30:06","date_gmt":"2025-09-28T08:30:06","guid":{"rendered":"https:\/\/aktionszeitung.de\/?p=216"},"modified":"2025-09-28T08:30:07","modified_gmt":"2025-09-28T08:30:07","slug":"aufruf-zur-soli-demo-fuer-ex-gkn-am-18-10-25","status":"publish","type":"post","link":"https:\/\/aktionszeitung.de\/index.php\/2025\/09\/28\/aufruf-zur-soli-demo-fuer-ex-gkn-am-18-10-25\/","title":{"rendered":"Aufruf zur Soli-Demo f\u00fcr Ex-GKN am 18.10.25"},"content":{"rendered":"\n<blockquote class=\"wp-block-quote is-layout-flow wp-block-quote-is-layout-flow\">\n<p>gestern fand eine Info-Veranstaltung f\u00fcr die Anteilseigner bei GFF statt. Die Aussichten sind sehr schlecht, deshalb gibt es einen Aufruf zur Soli-Demo am 18.10. in Florenz, hier meine Notizen:<\/p>\n\n\n\n<p>Am 28. Juli 2025 wurde das Industriekonsortium gegr\u00fcndet, das die Reindustrialisierung der ehemaligen GKN-Fabrik umsetzen soll. Es besteht zu 70 Prozent aus der Region Toskana, zu 10 Prozent aus der Metropolstadt Florenz, jeweils zu 8 Prozent aus den Kommunen Campi Bisenzio und Sesto Fiorentino sowie zu 4 Prozent aus der Kommune Calenzano. Die Kommunen liegen in unmittelbarer N\u00e4he der GKN-Fabrik.<\/p>\n\n\n\n<p>Der Gesch\u00e4ftsplan f\u00fcr die sozial integrierte Fabrik ist seit 2023 in solidarischer Zusammenarbeit von Fabrikkollektiv ex GKN bzw. Genossenschaft ex GKN FOR FUTURE (GFF) mit Wissenschaftler*innen, Arbeiter*innen und anderen politischen und sozialen Gruppen f\u00fcr die Produktion von Lastenr\u00e4dern und recycelbaren Solarmodulen entwickelt worden.<\/p>\n\n\n\n<p>Dieser Gesch\u00e4ftsplan ist mehrfach \u00fcberpr\u00fcft und angepasst worden. Die technische \u00dcberpr\u00fcfung war im Juni 2025 abgeschlossen. Soziale Aspekte und Marktchancen sind ebenfalls analysiert worden.<\/p>\n\n\n\n<p>Im Sommer 2025 sollte die finale Zustimmung der Investoren f\u00fcr den Gesch\u00e4ftsplan beschlossen werden. Zur Umsetzung des Plans sind 12 Millionen Euro notwendig. Die Banca Ethica hat 2,5 Millionen Euro zugesagt. Der gr\u00f6\u00dfte private Investor hat seine Entscheidung vertagt. Bislang gibt es keine Erkl\u00e4rung, warum er nicht zustimmt. In einer Mail \u00e4u\u00dfert er, dass er eine st\u00e4rkere \u00f6ffentliche Beteiligung (Volksanteile) erwartet.<\/p>\n\n\n\n<p>Laut Leonard Mazzone von GFF ist das ein vorgeschobenes und absurdes Argument. Nach anderthalb Jahren Verhandlungen \u00fcber Investitionszusagen fragt er nach einer h\u00f6heren \u00f6ffentlichen Beteiligung? Stand Juli lagen die Volksanteile bei 1,7 Millionen Euro. 60 Prozent des Gesch\u00e4ftsplans sind finanziert. Dazu z\u00e4hlen die Vorabvertr\u00e4ge mit Abnehmern.<\/p>\n\n\n\n<p>GFF hat eine Erkl\u00e4rung von dem Investor gefordert. Er soll sein Anliegen konkret formulieren. Alle anderen Investoren warten auf dessen Entscheidung. Dieser sei sehr eng verbunden mit der Banca Ethica. GFF sucht bereits nach anderen Investoren, Alternativen.<\/p>\n\n\n\n<p>Um den Vorwurf zu entkr\u00e4ften, es seien zu wenige Volksanteile da oder sie seien nur vorget\u00e4uscht, schl\u00e4gt GFF vor, dass alle Anteilseigner ihre Betr\u00e4ge auf eine sichere Plattform \u00fcberweisen, um zu zeigen, wie hoch die Summe ist. Dieses Geld wird nicht abgerufen, sondern dient nur der Darstellung der realen Volksanteile.<\/p>\n\n\n\n<p>Im Sommer 2025 ist GFF davon ausgegangen, dass mit der Umsetzung des Gesch\u00e4ftsplans im September 2025 begonnen werden kann. Das Fabrikkollektiv bzw. GFF f\u00fcrchtet, dass der Gesch\u00e4ftsplan zu scheitern droht.<\/p>\n\n\n\n<p>Drei entscheidende Punkte sind zur Umsetzung des Gesch\u00e4ftsplans nicht erfolgt:<\/p>\n\n\n\n<ul class=\"wp-block-list\">\n<li>Beschlussf\u00e4higkeit \/ Vorsitz des Industriekonsortiums<\/li>\n\n\n\n<li>\u00dcbertragung der GKN-Fabrik an GFF<\/li>\n\n\n\n<li>Fehlende Investitionszusage<\/li>\n<\/ul>\n\n\n\n<p>Deshalb rufen sie zu einer Demonstration am 18. Oktober auf, um \u00f6ffentlich Druck zu machen. Leonard bittet um eine breite, internationale Solidarit\u00e4t, m\u00f6glicherweise sei das die letzte M\u00f6glichkeit, das Projekt vor dem Scheitern zu bewahren.<\/p>\n\n\n\n<p>18. Oktober Demonstration in Florenz, 14.30 Uhr, Piazza Ugo Toscana (Universit\u00e4t Novoli) Florenz<\/p>\n\n\n\n<p>Viele Gr\u00fc\u00dfe<\/p>\n\n\n\n<p>Kathy Ziegler<\/p>\n<\/blockquote>\n\n\n\n<p><\/p>\n","protected":false},"excerpt":{"rendered":"","protected":false},"author":1,"featured_media":0,"comment_status":"open","ping_status":"open","sticky":false,"template":"","format":"standard","meta":{"slim_seo":{"title":"Aufruf zur Soli-Demo f\u00fcr Ex-GKN am 18.10.25 - Aktionszeitung","description":"gestern fand eine Info-Veranstaltung f\u00fcr die Anteilseigner bei GFF statt. Die Aussichten sind sehr schlecht, deshalb gibt es einen Aufruf zur Soli-Demo am 18.10"},"footnotes":""},"categories":[1],"tags":[],"class_list":["post-216","post","type-post","status-publish","format-standard","hentry","category-uncategorized"],"_links":{"self":[{"href":"https:\/\/aktionszeitung.de\/index.php\/wp-json\/wp\/v2\/posts\/216","targetHints":{"allow":["GET"]}}],"collection":[{"href":"https:\/\/aktionszeitung.de\/index.php\/wp-json\/wp\/v2\/posts"}],"about":[{"href":"https:\/\/aktionszeitung.de\/index.php\/wp-json\/wp\/v2\/types\/post"}],"author":[{"embeddable":true,"href":"https:\/\/aktionszeitung.de\/index.php\/wp-json\/wp\/v2\/users\/1"}],"replies":[{"embeddable":true,"href":"https:\/\/aktionszeitung.de\/index.php\/wp-json\/wp\/v2\/comments?post=216"}],"version-history":[{"count":1,"href":"https:\/\/aktionszeitung.de\/index.php\/wp-json\/wp\/v2\/posts\/216\/revisions"}],"predecessor-version":[{"id":217,"href":"https:\/\/aktionszeitung.de\/index.php\/wp-json\/wp\/v2\/posts\/216\/revisions\/217"}],"wp:attachment":[{"href":"https:\/\/aktionszeitung.de\/index.php\/wp-json\/wp\/v2\/media?parent=216"}],"wp:term":[{"taxonomy":"category","embeddable":true,"href":"https:\/\/aktionszeitung.de\/index.php\/wp-json\/wp\/v2\/categories?post=216"},{"taxonomy":"post_tag","embeddable":true,"href":"https:\/\/aktionszeitung.de\/index.php\/wp-json\/wp\/v2\/tags?post=216"}],"curies":[{"name":"wp","href":"https:\/\/api.w.org\/{rel}","templated":true}]}}